{"id":65085,"date":"2020-12-01T17:15:29","date_gmt":"2020-12-01T15:15:29","guid":{"rendered":"http:\/\/www.baltupiuprogimnazija.vilnius.lm.lt\/?p=65085"},"modified":"2020-12-03T11:38:35","modified_gmt":"2020-12-03T09:38:35","slug":"geru-darbu-advento-kalendorius","status":"publish","type":"post","link":"https:\/\/www.baltupiuprogimnazija.vilnius.lm.lt\/?p=65085","title":{"rendered":"GER\u0172 DARB\u0172 ADVENTO KALENDORIUS"},"content":{"rendered":"\n<p>Advento laikotarpis yra&nbsp; gerumo, laukimo ir dalinimosi metas. Pradedame skai\u010diuoti dienas iki \u0160v. Kal\u0117d\u0173, puo\u0161iame namus, ruo\u0161iame dovan\u0117les vieni kitiems. Ta\u010diau dovana n\u0117ra vien tik matomas daiktas, kur\u012f \u012fteikiame per \u0161ventes. Tai laikas, kur\u012f skiriame vieni kitiems, malonios staigmenos. Tod\u0117l,&nbsp; kvie\u010diame ne tik laukti dovan\u0173, bet ir patiems dovanoti d\u017eiaugsm\u0105 kitiems.<br><br>Siun\u010diame ger\u0173 darb\u0173 advento kalendori\u0173. Sekite j\u012f kiekvien\u0105 dien\u0105, darykite gerus darbus ir laukite \u0161ven\u010di\u0173!<\/p>\n<a href=\"http:\/\/www.baltupiuprogimnazija.vilnius.lm.lt\/wp-content\/uploads\/2020\/12\/ADVENTO-KALENDORIUS-2020-2-1.pdf\"> <h3>GER\u0172 DARB\u0172 ADVENTO KALENDORIUS <h\/3><\/a>\n<p><code id=\"soliloquy-shortcode\" class=\"soliloquy-code\"><div aria-live=\"polite\" id=\"soliloquy-container-65087\" class=\"soliloquy-container soliloquy-transition-fade  soliloquy-theme-base\" style=\"max-width:675px;max-height:888px;\"><ul id=\"soliloquy-65087\" class=\"soliloquy-slider soliloquy-slides soliloquy-wrap soliloquy-clear\"><li aria-hidden=\"true\" class=\"soliloquy-item soliloquy-item-1 soliloquy-image-slide\" draggable=\"false\" style=\"list-style:none\"><img decoding=\"async\" id=\"soliloquy-image-65088\" class=\"soliloquy-image soliloquy-image-1\" src=\"https:\/\/www.baltupiuprogimnazija.vilnius.lm.lt\/wp-content\/uploads\/2020\/12\/Eglute.jpg\" alt=\"Eglut\u0117\" \/><\/li><\/ul><\/div><noscript><style type=\"text\/css\">#soliloquy-container-65087{opacity:1}<\/style><\/noscript><\/code><\/p>\n<p>&nbsp;<\/p>\n","protected":false},"excerpt":{"rendered":"<p>Advento laikotarpis yra&nbsp; gerumo, laukimo ir dalinimosi metas. Pradedame skai\u010diuoti dienas iki \u0160v. Kal\u0117d\u0173, puo\u0161iame namus, ruo\u0161iame dovan\u0117les vieni kitiems. Ta\u010diau dovana n\u0117ra vien tik matomas daiktas, kur\u012f \u012fteikiame per \u0161ventes. Tai laikas, kur\u012f skiriame vieni kitiems, malonios staigmenos. Tod\u0117l,&nbsp; kvie\u010diame ne tik laukti dovan\u0173, bet ir patiems dovanoti d\u017eiaugsm\u0105 kitiems. Siun\u010diame ger\u0173 darb\u0173 advento [&hellip;]<\/p>\n","protected":false},"author":1,"featured_media":0,"comment_status":"closed","ping_status":"closed","sticky":false,"template":"","format":"standard","meta":{"footnotes":""},"categories":[1],"tags":[],"class_list":["post-65085","post","type-post","status-publish","format-standard","hentry","category-naujienos"],"_links":{"self":[{"href":"https:\/\/www.baltupiuprogimnazija.vilnius.lm.lt\/index.php?rest_route=\/wp\/v2\/posts\/65085","targetHints":{"allow":["GET"]}}],"collection":[{"href":"https:\/\/www.baltupiuprogimnazija.vilnius.lm.lt\/index.php?rest_route=\/wp\/v2\/posts"}],"about":[{"href":"https:\/\/www.baltupiuprogimnazija.vilnius.lm.lt\/index.php?rest_route=\/wp\/v2\/types\/post"}],"author":[{"embeddable":true,"href":"https:\/\/www.baltupiuprogimnazija.vilnius.lm.lt\/index.php?rest_route=\/wp\/v2\/users\/1"}],"replies":[{"embeddable":true,"href":"https:\/\/www.baltupiuprogimnazija.vilnius.lm.lt\/index.php?rest_route=%2Fwp%2Fv2%2Fcomments&post=65085"}],"version-history":[{"count":8,"href":"https:\/\/www.baltupiuprogimnazija.vilnius.lm.lt\/index.php?rest_route=\/wp\/v2\/posts\/65085\/revisions"}],"predecessor-version":[{"id":65099,"href":"https:\/\/www.baltupiuprogimnazija.vilnius.lm.lt\/index.php?rest_route=\/wp\/v2\/posts\/65085\/revisions\/65099"}],"wp:attachment":[{"href":"https:\/\/www.baltupiuprogimnazija.vilnius.lm.lt\/index.php?rest_route=%2Fwp%2Fv2%2Fmedia&parent=65085"}],"wp:term":[{"taxonomy":"category","embeddable":true,"href":"https:\/\/www.baltupiuprogimnazija.vilnius.lm.lt\/index.php?rest_route=%2Fwp%2Fv2%2Fcategories&post=65085"},{"taxonomy":"post_tag","embeddable":true,"href":"https:\/\/www.baltupiuprogimnazija.vilnius.lm.lt\/index.php?rest_route=%2Fwp%2Fv2%2Ftags&post=65085"}],"curies":[{"name":"wp","href":"https:\/\/api.w.org\/{rel}","templated":true}]}}