{"id":64785,"date":"2020-10-19T14:39:31","date_gmt":"2020-10-19T11:39:31","guid":{"rendered":"http:\/\/www.baltupiuprogimnazija.vilnius.lm.lt\/?p=64785"},"modified":"2020-10-19T14:39:31","modified_gmt":"2020-10-19T11:39:31","slug":"6d-klases-mokiniai-dalyvavo-edukacijoje-apie-dauno-sindroma","status":"publish","type":"post","link":"https:\/\/www.baltupiuprogimnazija.vilnius.lm.lt\/?p=64785","title":{"rendered":"6D KLAS\u0116S MOKINIAI DALYVAVO EDUKACIJOJE APIE DAUNO SINDROM\u0104"},"content":{"rendered":"\n<p>Spalio 16 d. m\u016bs\u0173 mokyklos 6d klas\u0117s mokiniai vyko \u012f \u201e\u017dmoni\u0173 su Dauno sindromu ir j\u0173 glob\u0117j\u0173 asociacijos\u201c kartu su socialine blynine \u201ePirmas blynas\u201c organizuojam\u0105 edukacin\u0119 paskait\u0105 apie Dauno sindrom\u0105.<\/p>\n<p>Per vien\u0105 trump\u0105 valand\u0105 \u0161e\u0161tokai su\u017einojo, kas yra Dauno sindromas, kokie \u017emoni\u0173, turin\u010di\u0173 pastar\u0105j\u012f, ypatumai, pa\u017ei\u016br\u0117jo puik\u0173 filmuk\u0105 ir dalyvavo diskusijoje. Sulauk\u0119 daugyb\u0117s pagyr\u0173 u\u017e puik\u0173 elges\u012f, gra\u017e\u0173 bendravim\u0105 ir spalvotas kojines, kaip paramos ir tolerancijos \u017eenkl\u0105 Dauno sindrom\u0105 turintiems, mokiniai buvo pavai\u0161inti gard\u017eiausia sriuba ir did\u017eiausiais blynais. Edukacijai pasibaigus, sve\u010dius \u201ePirmo blyno\u201c darbuotojai i\u0161lyd\u0117jo su pla\u010diausiomis \u0161ypsenomis, nuo\u0161ird\u017eiai d\u0117kodami ir kviesdami sugr\u012f\u017eti.<\/p>\n<p>\u0160e\u0161tokai jau \u017eino: kartais trumpa edukacin\u0117 paskaita verta daugiau nei pa\u010dios tolimiausios ir brangiausios kelion\u0117s!<\/p>\n<p>Mokytoja Greta Kni\u0161kait\u0117-Nagelien\u0117<\/p>\n<p><img decoding=\"async\" src=\"http:\/\/www.baltupiuprogimnazija.vilnius.lm.lt\/wp-content\/uploads\/2020\/10\/121693220_845662899510576_3986940484464799625_n-1.jpg\"><\/p>\n","protected":false},"excerpt":{"rendered":"<p>Spalio 16 d. m\u016bs\u0173 mokyklos 6d klas\u0117s mokiniai vyko \u012f \u201e\u017dmoni\u0173 su Dauno sindromu ir j\u0173 glob\u0117j\u0173 asociacijos\u201c kartu su socialine blynine \u201ePirmas blynas\u201c organizuojam\u0105 edukacin\u0119 paskait\u0105 apie Dauno sindrom\u0105. Per vien\u0105 trump\u0105 valand\u0105 \u0161e\u0161tokai su\u017einojo, kas yra Dauno sindromas, kokie \u017emoni\u0173, turin\u010di\u0173 pastar\u0105j\u012f, ypatumai, pa\u017ei\u016br\u0117jo puik\u0173 filmuk\u0105 ir dalyvavo diskusijoje. Sulauk\u0119 daugyb\u0117s pagyr\u0173 u\u017e [&hellip;]<\/p>\n","protected":false},"author":1,"featured_media":0,"comment_status":"closed","ping_status":"closed","sticky":false,"template":"","format":"standard","meta":{"footnotes":""},"categories":[1],"tags":[],"class_list":["post-64785","post","type-post","status-publish","format-standard","hentry","category-naujienos"],"_links":{"self":[{"href":"https:\/\/www.baltupiuprogimnazija.vilnius.lm.lt\/index.php?rest_route=\/wp\/v2\/posts\/64785","targetHints":{"allow":["GET"]}}],"collection":[{"href":"https:\/\/www.baltupiuprogimnazija.vilnius.lm.lt\/index.php?rest_route=\/wp\/v2\/posts"}],"about":[{"href":"https:\/\/www.baltupiuprogimnazija.vilnius.lm.lt\/index.php?rest_route=\/wp\/v2\/types\/post"}],"author":[{"embeddable":true,"href":"https:\/\/www.baltupiuprogimnazija.vilnius.lm.lt\/index.php?rest_route=\/wp\/v2\/users\/1"}],"replies":[{"embeddable":true,"href":"https:\/\/www.baltupiuprogimnazija.vilnius.lm.lt\/index.php?rest_route=%2Fwp%2Fv2%2Fcomments&post=64785"}],"version-history":[{"count":1,"href":"https:\/\/www.baltupiuprogimnazija.vilnius.lm.lt\/index.php?rest_route=\/wp\/v2\/posts\/64785\/revisions"}],"predecessor-version":[{"id":64786,"href":"https:\/\/www.baltupiuprogimnazija.vilnius.lm.lt\/index.php?rest_route=\/wp\/v2\/posts\/64785\/revisions\/64786"}],"wp:attachment":[{"href":"https:\/\/www.baltupiuprogimnazija.vilnius.lm.lt\/index.php?rest_route=%2Fwp%2Fv2%2Fmedia&parent=64785"}],"wp:term":[{"taxonomy":"category","embeddable":true,"href":"https:\/\/www.baltupiuprogimnazija.vilnius.lm.lt\/index.php?rest_route=%2Fwp%2Fv2%2Fcategories&post=64785"},{"taxonomy":"post_tag","embeddable":true,"href":"https:\/\/www.baltupiuprogimnazija.vilnius.lm.lt\/index.php?rest_route=%2Fwp%2Fv2%2Ftags&post=64785"}],"curies":[{"name":"wp","href":"https:\/\/api.w.org\/{rel}","templated":true}]}}