{"id":64679,"date":"2020-10-07T10:11:05","date_gmt":"2020-10-07T07:11:05","guid":{"rendered":"http:\/\/www.baltupiuprogimnazija.vilnius.lm.lt\/?p=64679"},"modified":"2020-10-07T10:11:06","modified_gmt":"2020-10-07T07:11:06","slug":"mokytojo-dienos-svente-baltupiu-progimnazijoje","status":"publish","type":"post","link":"https:\/\/www.baltupiuprogimnazija.vilnius.lm.lt\/?p=64679","title":{"rendered":"MOKYTOJO DIENOS \u0160VENT\u0116 BALTUPI\u0172 PROGIMNAZIJOJE"},"content":{"rendered":"\n<p><img decoding=\"async\" src=\"http:\/\/www.baltupiuprogimnazija.vilnius.lm.lt\/wp-content\/uploads\/2020\/10\/Mokytoju-dienos-foto-sumazinta-1.jpg\" \/><\/p>\n\n\n","protected":false},"excerpt":{"rendered":"","protected":false},"author":1,"featured_media":0,"comment_status":"closed","ping_status":"closed","sticky":false,"template":"","format":"standard","meta":{"footnotes":""},"categories":[1],"tags":[],"class_list":["post-64679","post","type-post","status-publish","format-standard","hentry","category-naujienos"],"_links":{"self":[{"href":"https:\/\/www.baltupiuprogimnazija.vilnius.lm.lt\/index.php?rest_route=\/wp\/v2\/posts\/64679","targetHints":{"allow":["GET"]}}],"collection":[{"href":"https:\/\/www.baltupiuprogimnazija.vilnius.lm.lt\/index.php?rest_route=\/wp\/v2\/posts"}],"about":[{"href":"https:\/\/www.baltupiuprogimnazija.vilnius.lm.lt\/index.php?rest_route=\/wp\/v2\/types\/post"}],"author":[{"embeddable":true,"href":"https:\/\/www.baltupiuprogimnazija.vilnius.lm.lt\/index.php?rest_route=\/wp\/v2\/users\/1"}],"replies":[{"embeddable":true,"href":"https:\/\/www.baltupiuprogimnazija.vilnius.lm.lt\/index.php?rest_route=%2Fwp%2Fv2%2Fcomments&post=64679"}],"version-history":[{"count":0,"href":"https:\/\/www.baltupiuprogimnazija.vilnius.lm.lt\/index.php?rest_route=\/wp\/v2\/posts\/64679\/revisions"}],"wp:attachment":[{"href":"https:\/\/www.baltupiuprogimnazija.vilnius.lm.lt\/index.php?rest_route=%2Fwp%2Fv2%2Fmedia&parent=64679"}],"wp:term":[{"taxonomy":"category","embeddable":true,"href":"https:\/\/www.baltupiuprogimnazija.vilnius.lm.lt\/index.php?rest_route=%2Fwp%2Fv2%2Fcategories&post=64679"},{"taxonomy":"post_tag","embeddable":true,"href":"https:\/\/www.baltupiuprogimnazija.vilnius.lm.lt\/index.php?rest_route=%2Fwp%2Fv2%2Ftags&post=64679"}],"curies":[{"name":"wp","href":"https:\/\/api.w.org\/{rel}","templated":true}]}}