{"id":52726,"date":"2020-08-26T15:58:36","date_gmt":"2020-08-26T12:58:36","guid":{"rendered":"http:\/\/www.baltupiuprogimnazija.vilnius.lm.lt\/?p=52726"},"modified":"2020-08-26T16:02:43","modified_gmt":"2020-08-26T13:02:43","slug":"rugsejo-1-osios-svente-vilniaus-baltupiu-progimnazijoje","status":"publish","type":"post","link":"https:\/\/www.baltupiuprogimnazija.vilnius.lm.lt\/?p=52726","title":{"rendered":"Rugs\u0117jo 1-osios \u0161vent\u0117 Vilniaus Baltupi\u0173 progimnazijoje"},"content":{"rendered":"\n<p>  <code><div aria-live=\"polite\" id=\"soliloquy-container-52729\" class=\"soliloquy-container soliloquy-transition-fade  soliloquy-theme-base\" style=\"max-width:900px;max-height:600px;\"><ul id=\"soliloquy-52729\" class=\"soliloquy-slider soliloquy-slides soliloquy-wrap soliloquy-clear\"><li aria-hidden=\"true\" class=\"soliloquy-item soliloquy-item-1 soliloquy-image-slide\" draggable=\"false\" style=\"list-style:none\"><img decoding=\"async\" id=\"soliloquy-image-52730\" class=\"soliloquy-image soliloquy-image-1\" src=\"https:\/\/www.baltupiuprogimnazija.vilnius.lm.lt\/wp-content\/uploads\/2020\/08\/Balionai.jpg\" alt=\"Balionai\" \/><\/li><\/ul><\/div><noscript><style type=\"text\/css\">#soliloquy-container-52729{opacity:1}<\/style><\/noscript><\/code><\/p>\n\n\n\n<p>Mokslo met\u0173 prad\u017eios \u0161vent\u0117 vyks 2020 m. rugs\u0117jo 1 d.<\/p>\n\n\n\n<p><strong>8.30 val. \u2013 3 &#8211; 4 klasi\u0173 <\/strong>mokiniams su t\u0117veliais (pageidautina kuo ma\u017eesnis t\u0117veli\u0173 skai\u010dius, pvz., vienas \u0161eimos atstovas) \u0161vent\u0117 vyks progimnazijos kieme prie\u0161 pagrindin\u012f \u012f\u0117jim\u0105. Po \u0161vent\u0117s pirmoji pamoka lauke iki 45 min., esant blogam orui \u2013 klas\u0117se iki 30 min.&nbsp; T\u0117veliai \u012f mokykl\u0105 nebus \u012fleid\u017eiami, mokinius palydi j\u0173 mokytojos. <\/p>\n\n\n\n<p><strong>10.00 val. \u2013 1 &#8211; 2 klasi\u0173 <\/strong>mokiniams\nsu t\u0117veliais (pageidautina kuo ma\u017eesnis t\u0117veli\u0173 skai\u010dius, pvz., vienas \u0161eimos\natstovas) \u0161vent\u0117 vyks progimnazijos kieme prie\u0161 pagrindin\u012f \u012f\u0117jim\u0105.&nbsp; Po\n\u0161vent\u0117s pirmoji pamoka lauke iki 45 min., esant blogam orui \u2013 klas\u0117se iki 30\nmin.&nbsp; T\u0117veliai \u012f mokykl\u0105 nebus\n\u012fleid\u017eiami, mokinius palydi j\u0173 mokytojos. <\/p>\n\n\n\n<p><strong>11.30 val. \u2013 5 &#8211; 6 klasi\u0173 <\/strong>mokiniams su t\u0117veliais (tik 5 klasi\u0173, pageidautina kuo ma\u017eesnis t\u0117veli\u0173 skai\u010dius, pvz., vienas atstovas i\u0161 \u0161eimos) \u0161vent\u0117 vyks progimnazijos kieme prie\u0161 pagrindin\u012f \u012f\u0117jim\u0105.\u00a0Po \u0161vent\u0117s pirmoji pamoka lauke iki 45 min., esant blogam orui \u2013 klas\u0117se iki 30 min.\u00a0 T\u0117veliai \u012f mokykl\u0105 nebus \u012fleid\u017eiami, mokinius palydi klasi\u0173 vadovai. <\/p>\n\n\n\n<p><strong>13.00 val. \u2013 7 &#8211; 8 klasi\u0173 <\/strong>mokiniams \u0161vent\u0117 vyks progimnazijos kieme prie\u0161 pagrindin\u012f \u012f\u0117jim\u0105 Po \u0161vent\u0117s pirmoji pamoka lauke iki 45 min., esant blogam orui \u2013 klas\u0117se iki 30 min.\u00a0 T\u0117veliai \u012f mokykl\u0105 nebus \u012fleid\u017eiami, mokinius palydi klasi\u0173 vadovai.<\/p>\n\n\n\n<p>Esant ypatingoms aplinkyb\u0117ms d\u0117l\nCOVID-19, <strong>PRA\u0160OME LAIKYTIS BENDR\u0172 SAUGUMO REIKALAVIM\u0172:<\/strong><\/p>\n\n\n\n<ul class=\"wp-block-list\"><li>\u012e \u0161vent\u0119 atvykstama tik klasei skirtu\nlaiku.<\/li><li>1 klasi\u0173\nmokiniai su t\u0117veliais renkasi aik\u0161tel\u0117je prie sporto sal\u0117s sienos, kol \u0161vent\u0117s\neigoje bus pakviesta atvesti pirmokus.<\/li><li>Kieme prie\u0161\npagrindin\u012f \u012f\u0117jim\u0105 klasei skirta viena eil\u0117 (pastatytos\nk\u0117d\u0117s i\u0161laikant atstum\u0105).<\/li><li>2-8 klasi\u0173\nmokiniai laukia \u0161vent\u0117s savo eil\u0117je.<\/li><li>At\u0117j\u0119\nt\u0117veliai stovi nuo\u0161aliau, d\u0117vi veido apsaugos priemones, laikosi saugaus\natstumo.<\/li><li>Mokiniams\nrekomenduojama d\u0117v\u0117ti veido apsaugos priemones.<\/li><li>Esant\nlietui, \u0161vent\u0117 progimnazijos kieme prie\u0161 pagrindin\u012f \u012f\u0117jim\u0105 nevyks, &nbsp;klasi\u0173 vadovai ves pirm\u0105j\u0105 pamok\u0105 klas\u0117se.\nDalyvauja tik mokiniai.<\/li><\/ul>\n\n\n\n<p>&nbsp;<strong>TIKIM\u0116S\nVIS\u0172 SUPRATINGUMO IR SUSITELKIMO.<\/strong><\/p>\n","protected":false},"excerpt":{"rendered":"<p>Mokslo met\u0173 prad\u017eios \u0161vent\u0117 vyks 2020 m. rugs\u0117jo 1 d. 8.30 val. \u2013 3 &#8211; 4 klasi\u0173 mokiniams su t\u0117veliais (pageidautina kuo ma\u017eesnis t\u0117veli\u0173 skai\u010dius, pvz., vienas \u0161eimos atstovas) \u0161vent\u0117 vyks progimnazijos kieme prie\u0161 pagrindin\u012f \u012f\u0117jim\u0105. Po \u0161vent\u0117s pirmoji pamoka lauke iki 45 min., esant blogam orui \u2013 klas\u0117se iki 30 min.&nbsp; T\u0117veliai \u012f mokykl\u0105 [&hellip;]<\/p>\n","protected":false},"author":1,"featured_media":0,"comment_status":"closed","ping_status":"closed","sticky":false,"template":"","format":"standard","meta":{"footnotes":""},"categories":[1],"tags":[],"class_list":["post-52726","post","type-post","status-publish","format-standard","hentry","category-naujienos"],"_links":{"self":[{"href":"https:\/\/www.baltupiuprogimnazija.vilnius.lm.lt\/index.php?rest_route=\/wp\/v2\/posts\/52726","targetHints":{"allow":["GET"]}}],"collection":[{"href":"https:\/\/www.baltupiuprogimnazija.vilnius.lm.lt\/index.php?rest_route=\/wp\/v2\/posts"}],"about":[{"href":"https:\/\/www.baltupiuprogimnazija.vilnius.lm.lt\/index.php?rest_route=\/wp\/v2\/types\/post"}],"author":[{"embeddable":true,"href":"https:\/\/www.baltupiuprogimnazija.vilnius.lm.lt\/index.php?rest_route=\/wp\/v2\/users\/1"}],"replies":[{"embeddable":true,"href":"https:\/\/www.baltupiuprogimnazija.vilnius.lm.lt\/index.php?rest_route=%2Fwp%2Fv2%2Fcomments&post=52726"}],"version-history":[{"count":0,"href":"https:\/\/www.baltupiuprogimnazija.vilnius.lm.lt\/index.php?rest_route=\/wp\/v2\/posts\/52726\/revisions"}],"wp:attachment":[{"href":"https:\/\/www.baltupiuprogimnazija.vilnius.lm.lt\/index.php?rest_route=%2Fwp%2Fv2%2Fmedia&parent=52726"}],"wp:term":[{"taxonomy":"category","embeddable":true,"href":"https:\/\/www.baltupiuprogimnazija.vilnius.lm.lt\/index.php?rest_route=%2Fwp%2Fv2%2Fcategories&post=52726"},{"taxonomy":"post_tag","embeddable":true,"href":"https:\/\/www.baltupiuprogimnazija.vilnius.lm.lt\/index.php?rest_route=%2Fwp%2Fv2%2Ftags&post=52726"}],"curies":[{"name":"wp","href":"https:\/\/api.w.org\/{rel}","templated":true}]}}