{"id":43530,"date":"2020-07-24T14:34:05","date_gmt":"2020-07-24T11:34:05","guid":{"rendered":"http:\/\/www.baltupiuprogimnazija.vilnius.lm.lt\/?p=43530"},"modified":"2020-07-24T14:41:56","modified_gmt":"2020-07-24T11:41:56","slug":"dalyvaujame-lrt-laidoje-idomiosios-atostogos","status":"publish","type":"post","link":"https:\/\/www.baltupiuprogimnazija.vilnius.lm.lt\/?p=43530","title":{"rendered":"Dalyvaujame LRT laidoje &#8222;\u012edomiosios atostogos&#8221;"},"content":{"rendered":"\n<p>2a klas\u0117s mokin\u0117 Samanta dalyvavo LRT laidoje \u201e\u012edomiosios atostogos\u201c ir laim\u0117jo \u201eJuod\u0173j\u0173 ir balt\u0173j\u0173\u201c \u017eaidime. Sveikiname Samant\u0105!<\/p>\n\n\n\n<p><code><div aria-live=\"polite\" id=\"soliloquy-container-43533\" class=\"soliloquy-container soliloquy-transition-fade  soliloquy-theme-base\" style=\"max-width:595px;max-height:794px;\"><ul id=\"soliloquy-43533\" class=\"soliloquy-slider soliloquy-slides soliloquy-wrap soliloquy-clear\"><li aria-hidden=\"true\" class=\"soliloquy-item soliloquy-item-1 soliloquy-image-slide\" draggable=\"false\" style=\"list-style:none\"><img decoding=\"async\" id=\"soliloquy-image-43534\" class=\"soliloquy-image soliloquy-image-1\" src=\"https:\/\/www.baltupiuprogimnazija.vilnius.lm.lt\/wp-content\/uploads\/2020\/07\/111-595x794_c.jpg\" alt=\"111\" \/><\/li><li aria-hidden=\"true\" class=\"soliloquy-item soliloquy-item-2 soliloquy-image-slide\" draggable=\"false\" style=\"list-style:none\"><img decoding=\"async\" id=\"soliloquy-image-43535\" class=\"soliloquy-image soliloquy-image-2\" src=\"https:\/\/www.baltupiuprogimnazija.vilnius.lm.lt\/wp-content\/uploads\/2020\/07\/IMG_20200723_135626.jpg\" alt=\"IMG_20200723_135626\" \/><\/li><li aria-hidden=\"true\" class=\"soliloquy-item soliloquy-item-3 soliloquy-image-slide\" draggable=\"false\" style=\"list-style:none\"><img decoding=\"async\" id=\"soliloquy-image-43536\" class=\"soliloquy-image soliloquy-image-3\" src=\"https:\/\/www.baltupiuprogimnazija.vilnius.lm.lt\/wp-content\/uploads\/2020\/07\/IMG_20200723_140127.jpg\" alt=\"\" \/><\/li><\/ul><\/div><noscript><style type=\"text\/css\">#soliloquy-container-43533{opacity:1}<\/style><\/noscript><\/code><\/p>\n","protected":false},"excerpt":{"rendered":"<p>2a klas\u0117s mokin\u0117 Samanta dalyvavo LRT laidoje \u201e\u012edomiosios atostogos\u201c ir laim\u0117jo \u201eJuod\u0173j\u0173 ir balt\u0173j\u0173\u201c \u017eaidime. Sveikiname Samant\u0105!<\/p>\n","protected":false},"author":1,"featured_media":0,"comment_status":"closed","ping_status":"closed","sticky":false,"template":"","format":"standard","meta":{"footnotes":""},"categories":[1],"tags":[],"class_list":["post-43530","post","type-post","status-publish","format-standard","hentry","category-naujienos"],"_links":{"self":[{"href":"https:\/\/www.baltupiuprogimnazija.vilnius.lm.lt\/index.php?rest_route=\/wp\/v2\/posts\/43530","targetHints":{"allow":["GET"]}}],"collection":[{"href":"https:\/\/www.baltupiuprogimnazija.vilnius.lm.lt\/index.php?rest_route=\/wp\/v2\/posts"}],"about":[{"href":"https:\/\/www.baltupiuprogimnazija.vilnius.lm.lt\/index.php?rest_route=\/wp\/v2\/types\/post"}],"author":[{"embeddable":true,"href":"https:\/\/www.baltupiuprogimnazija.vilnius.lm.lt\/index.php?rest_route=\/wp\/v2\/users\/1"}],"replies":[{"embeddable":true,"href":"https:\/\/www.baltupiuprogimnazija.vilnius.lm.lt\/index.php?rest_route=%2Fwp%2Fv2%2Fcomments&post=43530"}],"version-history":[{"count":0,"href":"https:\/\/www.baltupiuprogimnazija.vilnius.lm.lt\/index.php?rest_route=\/wp\/v2\/posts\/43530\/revisions"}],"wp:attachment":[{"href":"https:\/\/www.baltupiuprogimnazija.vilnius.lm.lt\/index.php?rest_route=%2Fwp%2Fv2%2Fmedia&parent=43530"}],"wp:term":[{"taxonomy":"category","embeddable":true,"href":"https:\/\/www.baltupiuprogimnazija.vilnius.lm.lt\/index.php?rest_route=%2Fwp%2Fv2%2Fcategories&post=43530"},{"taxonomy":"post_tag","embeddable":true,"href":"https:\/\/www.baltupiuprogimnazija.vilnius.lm.lt\/index.php?rest_route=%2Fwp%2Fv2%2Ftags&post=43530"}],"curies":[{"name":"wp","href":"https:\/\/api.w.org\/{rel}","templated":true}]}}