{"id":29584,"date":"2020-06-01T10:28:52","date_gmt":"2020-06-01T07:28:52","guid":{"rendered":"http:\/\/www.baltupiuprogimnazija.vilnius.lm.lt\/?p=29584"},"modified":"2020-06-01T10:31:58","modified_gmt":"2020-06-01T07:31:58","slug":"kvieciame-i-pradinio-issilavinimo-pazymejimu-iteikimo-svente-2","status":"publish","type":"post","link":"https:\/\/www.baltupiuprogimnazija.vilnius.lm.lt\/?p=29584","title":{"rendered":"Kvie\u010diame \u012f pradinio i\u0161silavinimo pa\u017eym\u0117jim\u0173 \u012fteikimo \u0161vent\u0119!"},"content":{"rendered":"\n<p><code><div aria-live=\"polite\" id=\"soliloquy-container-29586\" class=\"soliloquy-container soliloquy-transition-fade  soliloquy-theme-base\" style=\"max-width:512px;max-height:384px;\"><ul id=\"soliloquy-29586\" class=\"soliloquy-slider soliloquy-slides soliloquy-wrap soliloquy-clear\"><li aria-hidden=\"true\" class=\"soliloquy-item soliloquy-item-1 soliloquy-image-slide\" draggable=\"false\" style=\"list-style:none\"><img decoding=\"async\" id=\"soliloquy-image-29587\" class=\"soliloquy-image soliloquy-image-1\" src=\"https:\/\/www.baltupiuprogimnazija.vilnius.lm.lt\/wp-content\/uploads\/2020\/06\/unnamed.jpg\" alt=\"unnamed\" \/><\/li><\/ul><\/div><noscript><style type=\"text\/css\">#soliloquy-container-29586{opacity:1}<\/style><\/noscript><\/code><\/p>\n\n\n\n<p>Pradinio i\u0161silavinimo pa\u017eym\u0117jim\u0173 \u012fteikimo \u0161vent\u0117 vyks\nbir\u017eelio 4 d., ketvirtadien\u012f. <\/p>\n\n\n\n<p>\u0160vent\u0117 vyks vidiniame mokyklos kieme kiekvienai klasei\natskirai:<\/p>\n\n\n\n<p>9.00 val. \u2013 4a klasei,<\/p>\n\n\n\n<p>10.00 val. \u2013 4b klasei,<\/p>\n\n\n\n<p>11.00 val. \u2013 4c klasei,<\/p>\n\n\n\n<p>12.00 val. \u2013 4d klasei,<\/p>\n\n\n\n<p>13.00 val. \u2013 4e klasei. <\/p>\n\n\n\n<p>Renginio metu privaloma laikytis saugaus 1 metro atstumo\ntarp dalyvi\u0173, d\u0117v\u0117ti apsaugines veido kaukes. Prie\u0161 rengin\u012f visiems bus\nmatuojama temperat\u016bra. <\/p>\n\n\n\n<p>Mokinius ir t\u0117velius kvie\u010diame rinktis kieme prie\u0161 mokykl\u0105\n30 min. iki savo klas\u0117s renginio prad\u017eios. <\/p>\n","protected":false},"excerpt":{"rendered":"<p>Pradinio i\u0161silavinimo pa\u017eym\u0117jim\u0173 \u012fteikimo \u0161vent\u0117 vyks bir\u017eelio 4 d., ketvirtadien\u012f. \u0160vent\u0117 vyks vidiniame mokyklos kieme kiekvienai klasei atskirai: 9.00 val. \u2013 4a klasei, 10.00 val. \u2013 4b klasei, 11.00 val. \u2013 4c klasei, 12.00 val. \u2013 4d klasei, 13.00 val. \u2013 4e klasei. Renginio metu privaloma laikytis saugaus 1 metro atstumo tarp dalyvi\u0173, d\u0117v\u0117ti apsaugines [&hellip;]<\/p>\n","protected":false},"author":1,"featured_media":0,"comment_status":"closed","ping_status":"closed","sticky":false,"template":"","format":"standard","meta":{"footnotes":""},"categories":[1],"tags":[],"class_list":["post-29584","post","type-post","status-publish","format-standard","hentry","category-naujienos"],"_links":{"self":[{"href":"https:\/\/www.baltupiuprogimnazija.vilnius.lm.lt\/index.php?rest_route=\/wp\/v2\/posts\/29584","targetHints":{"allow":["GET"]}}],"collection":[{"href":"https:\/\/www.baltupiuprogimnazija.vilnius.lm.lt\/index.php?rest_route=\/wp\/v2\/posts"}],"about":[{"href":"https:\/\/www.baltupiuprogimnazija.vilnius.lm.lt\/index.php?rest_route=\/wp\/v2\/types\/post"}],"author":[{"embeddable":true,"href":"https:\/\/www.baltupiuprogimnazija.vilnius.lm.lt\/index.php?rest_route=\/wp\/v2\/users\/1"}],"replies":[{"embeddable":true,"href":"https:\/\/www.baltupiuprogimnazija.vilnius.lm.lt\/index.php?rest_route=%2Fwp%2Fv2%2Fcomments&post=29584"}],"version-history":[{"count":0,"href":"https:\/\/www.baltupiuprogimnazija.vilnius.lm.lt\/index.php?rest_route=\/wp\/v2\/posts\/29584\/revisions"}],"wp:attachment":[{"href":"https:\/\/www.baltupiuprogimnazija.vilnius.lm.lt\/index.php?rest_route=%2Fwp%2Fv2%2Fmedia&parent=29584"}],"wp:term":[{"taxonomy":"category","embeddable":true,"href":"https:\/\/www.baltupiuprogimnazija.vilnius.lm.lt\/index.php?rest_route=%2Fwp%2Fv2%2Fcategories&post=29584"},{"taxonomy":"post_tag","embeddable":true,"href":"https:\/\/www.baltupiuprogimnazija.vilnius.lm.lt\/index.php?rest_route=%2Fwp%2Fv2%2Ftags&post=29584"}],"curies":[{"name":"wp","href":"https:\/\/api.w.org\/{rel}","templated":true}]}}