{"id":24302,"date":"2020-05-12T15:58:55","date_gmt":"2020-05-12T12:58:55","guid":{"rendered":"http:\/\/www.baltupiuprogimnazija.vilnius.lm.lt\/?p=24302"},"modified":"2020-05-12T16:01:37","modified_gmt":"2020-05-12T13:01:37","slug":"baltupiu-radijo-laida-tevu-pusvalandis-apie-karantino-pamokas","status":"publish","type":"post","link":"https:\/\/www.baltupiuprogimnazija.vilnius.lm.lt\/?p=24302","title":{"rendered":"&#8222;Baltupi\u0173 radijo&#8221; laida &#8222;T\u0117v\u0173 pusvalandis&#8221; apie karantino pamokas"},"content":{"rendered":"\n<p>Gegu\u017e\u0117s 13 d. 11 val. &#8222;Baltupi\u0173 radijas&#8221; transliuos laid\u0105 &#8222;T\u0117v\u0173 pusvalandis&#8221;. <\/p>\n\n\n\n<p>Nuotolin\u0117 t\u0117v\u0173 konferencija per Zoom, kuri bus tiesiogiai transliuojama per &#8222;Baltupi\u0173 radij\u0105&#8221;<strong> 97,9 FM<\/strong> ir Facebook &#8211; ko i\u0161mokome per karantin\u0105?<\/p>\n\n\n\n<p>Prelegentus kvie\u010diame registruotis ir \u017ei\u016brov\u0173\/ klausytoj\u0173 laukiame laidos paskyroje Facebook &#8211; https:\/\/www.facebook.com\/events\/667839714039200\/<\/p>\n\n\n\n<p>B\u016bkite \u012fsijung\u0119!<\/p>\n\n\n\n<p><code><div aria-live=\"polite\" id=\"soliloquy-container-24304\" class=\"soliloquy-container soliloquy-transition-fade  soliloquy-theme-base\" style=\"max-width:483px;max-height:474px;\"><ul id=\"soliloquy-24304\" class=\"soliloquy-slider soliloquy-slides soliloquy-wrap soliloquy-clear\"><li aria-hidden=\"true\" class=\"soliloquy-item soliloquy-item-1 soliloquy-image-slide\" draggable=\"false\" style=\"list-style:none\"><img decoding=\"async\" id=\"soliloquy-image-24305\" class=\"soliloquy-image soliloquy-image-1\" src=\"https:\/\/www.baltupiuprogimnazija.vilnius.lm.lt\/wp-content\/uploads\/2020\/05\/Radijas-T\u0117vams.jpg\" alt=\"Radijas-T\u0117vams\" \/><\/li><\/ul><\/div><noscript><style type=\"text\/css\">#soliloquy-container-24304{opacity:1}<\/style><\/noscript><\/code><\/p>\n","protected":false},"excerpt":{"rendered":"<p>Gegu\u017e\u0117s 13 d. 11 val. &#8222;Baltupi\u0173 radijas&#8221; transliuos laid\u0105 &#8222;T\u0117v\u0173 pusvalandis&#8221;. Nuotolin\u0117 t\u0117v\u0173 konferencija per Zoom, kuri bus tiesiogiai transliuojama per &#8222;Baltupi\u0173 radij\u0105&#8221; 97,9 FM ir Facebook &#8211; ko i\u0161mokome per karantin\u0105? Prelegentus kvie\u010diame registruotis ir \u017ei\u016brov\u0173\/ klausytoj\u0173 laukiame laidos paskyroje Facebook &#8211; https:\/\/www.facebook.com\/events\/667839714039200\/ B\u016bkite \u012fsijung\u0119!<\/p>\n","protected":false},"author":1,"featured_media":0,"comment_status":"closed","ping_status":"closed","sticky":false,"template":"","format":"standard","meta":{"footnotes":""},"categories":[1],"tags":[],"class_list":["post-24302","post","type-post","status-publish","format-standard","hentry","category-naujienos"],"_links":{"self":[{"href":"https:\/\/www.baltupiuprogimnazija.vilnius.lm.lt\/index.php?rest_route=\/wp\/v2\/posts\/24302","targetHints":{"allow":["GET"]}}],"collection":[{"href":"https:\/\/www.baltupiuprogimnazija.vilnius.lm.lt\/index.php?rest_route=\/wp\/v2\/posts"}],"about":[{"href":"https:\/\/www.baltupiuprogimnazija.vilnius.lm.lt\/index.php?rest_route=\/wp\/v2\/types\/post"}],"author":[{"embeddable":true,"href":"https:\/\/www.baltupiuprogimnazija.vilnius.lm.lt\/index.php?rest_route=\/wp\/v2\/users\/1"}],"replies":[{"embeddable":true,"href":"https:\/\/www.baltupiuprogimnazija.vilnius.lm.lt\/index.php?rest_route=%2Fwp%2Fv2%2Fcomments&post=24302"}],"version-history":[{"count":0,"href":"https:\/\/www.baltupiuprogimnazija.vilnius.lm.lt\/index.php?rest_route=\/wp\/v2\/posts\/24302\/revisions"}],"wp:attachment":[{"href":"https:\/\/www.baltupiuprogimnazija.vilnius.lm.lt\/index.php?rest_route=%2Fwp%2Fv2%2Fmedia&parent=24302"}],"wp:term":[{"taxonomy":"category","embeddable":true,"href":"https:\/\/www.baltupiuprogimnazija.vilnius.lm.lt\/index.php?rest_route=%2Fwp%2Fv2%2Fcategories&post=24302"},{"taxonomy":"post_tag","embeddable":true,"href":"https:\/\/www.baltupiuprogimnazija.vilnius.lm.lt\/index.php?rest_route=%2Fwp%2Fv2%2Ftags&post=24302"}],"curies":[{"name":"wp","href":"https:\/\/api.w.org\/{rel}","templated":true}]}}