{"id":20501,"date":"2020-04-10T13:50:31","date_gmt":"2020-04-10T10:50:31","guid":{"rendered":"http:\/\/www.baltupiuprogimnazija.vilnius.lm.lt\/?p=20501"},"modified":"2020-04-10T13:53:42","modified_gmt":"2020-04-10T10:53:42","slug":"svietimo-mokslo-ir-sporto-ministro-a-monkeviciaus-sveikinimas-sv-velyku-proga","status":"publish","type":"post","link":"https:\/\/www.baltupiuprogimnazija.vilnius.lm.lt\/?p=20501","title":{"rendered":"\u0160vietimo, mokslo ir sporto ministro A. Monkevi\u010diaus sveikinimas \u0161v. Velyk\u0173 proga"},"content":{"rendered":"\n<p>Mieli mokyklos vadovai,\nmokytojai, visi mokyklos darbuotojai,<\/p>\n\n\n\n<p>\u0161\u012f savaitgal\u012f sutinkame vien\u0105 gra\u017eiausi\u0173\nmet\u0173 \u0161ven\u010di\u0173 \u2013 \u0161v. Velykas. Deja, jos \u0161\u012fmet bus kitokios negu \u012fprastai. Kitoks\nbuvo ir vis\u0173 darbas pastar\u0105sias savaites. <\/p>\n\n\n\n<p>D\u0117koju Jums u\u017e tai, k\u0105 dar\u0117te \u2013 prad\u0117jote\nnuotolin\u012f mokym\u0105, pad\u0117jote savo kolegoms, ie\u0161kojote k\u016brybi\u0161k\u0173 ir operatyvi\u0173\nsprendim\u0173 i\u0161kilus nenumatytoms situacijoms.<\/p>\n\n\n\n<p>Taip, nor\u0117\u010diau, kad visi \u0161ie nepatogumai\nbaigt\u0173si kuo grei\u010diau ir gr\u012f\u017etum\u0117me \u012f \u012fprastas gyvenimo bei darbo v\u0117\u017ees.\nTa\u010diau, \u017ei\u016brint i\u0161 kitos pus\u0117s, esama nestandartin\u0117 situacija atveria mums\ndid\u017eias galimybes keisti ateities mokym\u0105, paversti tai, kas dabar atrodo sunku,\ns\u0117kminga pagalba v\u0117liau. \u0160iuo metu viso to k\u016br\u0117jai esate J\u016bs. Tad tie, kurie\nprab\u0117gus kiek laiko \u017evelgs \u012f dabartin\u0119 situacij\u0105 kaip s\u0117kmingos veiklos\npavyzd\u012f, tur\u0117s d\u0117koti b\u016btent Jums. <\/p>\n\n\n\n<p>Kaskart kalb\u0117damas apie \u0161vietimo\nbendruomen\u0119 did\u017eiuojuosi ja, nes matau, kok\u012f stipr\u0173, tvirt\u0105 pagrind\u0105 ji turi \u2013\nJus. \u0160ventos Velykos simbolizuoja atgimim\u0105, \u0161viesos dvelksm\u0105, nauj\u0105 prad\u017ei\u0105.\nPajuskime viso to j\u0117g\u0105 kartu, t\u0119skime stipri\u0105 tarpusavio bendryst\u0119.<\/p>\n\n\n\n<p>I\u0161kilusius klausimus spr\u0119skime kartu,\natraskime geriausius sprendimus vertindami kiekvieno vaiko, mokytojo, mokyklos\nvadovo, kit\u0173 komandos nari\u0173 l\u016bkes\u010dius ir galimybes. <\/p>\n\n\n\n<p>B\u016bkime \u012frodymas, kad galime susitelkti,\n\u012fkv\u0117pti save ir kitus naujiems i\u0161\u0161\u016bkiams, prasmingiems darbams. <\/p>\n\n\n\n<p>Linkiu visiems gra\u017eios \u0161vent\u0117s! Tik prisiminkime,\nkad j\u0105 praleisti turime saugiai. <\/p>\n\n\n\n<p>Saugokime save, savo artimuosius,\nbi\u010diulius. <\/p>\n\n\n\n<p>\u0160vietimo, mokslo ir sporto ministras<\/p>\n\n\n\n<p>dr. Algirdas Monkevi\u010dius<\/p>\n\n\n\n<p><code><div aria-live=\"polite\" id=\"soliloquy-container-20505\" class=\"soliloquy-container soliloquy-transition-fade  soliloquy-theme-base\" style=\"max-width:1016px;max-height:673px;\"><ul id=\"soliloquy-20505\" class=\"soliloquy-slider soliloquy-slides soliloquy-wrap soliloquy-clear\"><li aria-hidden=\"true\" class=\"soliloquy-item soliloquy-item-1 soliloquy-image-slide\" draggable=\"false\" style=\"list-style:none\"><img decoding=\"async\" id=\"soliloquy-image-20507\" class=\"soliloquy-image soliloquy-image-1\" src=\"https:\/\/www.baltupiuprogimnazija.vilnius.lm.lt\/wp-content\/uploads\/2020\/04\/sveikinimas-\u0161v.-Velyk\u0173-proga-2.png\" alt=\"sveikinimas \u0161v. Velyk\u0173 proga\" \/><\/li><\/ul><\/div><noscript><style type=\"text\/css\">#soliloquy-container-20505{opacity:1}<\/style><\/noscript><\/code><\/p>\n","protected":false},"excerpt":{"rendered":"<p>Mieli mokyklos vadovai, mokytojai, visi mokyklos darbuotojai, \u0161\u012f savaitgal\u012f sutinkame vien\u0105 gra\u017eiausi\u0173 met\u0173 \u0161ven\u010di\u0173 \u2013 \u0161v. Velykas. Deja, jos \u0161\u012fmet bus kitokios negu \u012fprastai. Kitoks buvo ir vis\u0173 darbas pastar\u0105sias savaites. D\u0117koju Jums u\u017e tai, k\u0105 dar\u0117te \u2013 prad\u0117jote nuotolin\u012f mokym\u0105, pad\u0117jote savo kolegoms, ie\u0161kojote k\u016brybi\u0161k\u0173 ir operatyvi\u0173 sprendim\u0173 i\u0161kilus nenumatytoms situacijoms. Taip, nor\u0117\u010diau, kad [&hellip;]<\/p>\n","protected":false},"author":1,"featured_media":0,"comment_status":"closed","ping_status":"closed","sticky":false,"template":"","format":"standard","meta":{"footnotes":""},"categories":[1],"tags":[],"class_list":["post-20501","post","type-post","status-publish","format-standard","hentry","category-naujienos"],"_links":{"self":[{"href":"https:\/\/www.baltupiuprogimnazija.vilnius.lm.lt\/index.php?rest_route=\/wp\/v2\/posts\/20501","targetHints":{"allow":["GET"]}}],"collection":[{"href":"https:\/\/www.baltupiuprogimnazija.vilnius.lm.lt\/index.php?rest_route=\/wp\/v2\/posts"}],"about":[{"href":"https:\/\/www.baltupiuprogimnazija.vilnius.lm.lt\/index.php?rest_route=\/wp\/v2\/types\/post"}],"author":[{"embeddable":true,"href":"https:\/\/www.baltupiuprogimnazija.vilnius.lm.lt\/index.php?rest_route=\/wp\/v2\/users\/1"}],"replies":[{"embeddable":true,"href":"https:\/\/www.baltupiuprogimnazija.vilnius.lm.lt\/index.php?rest_route=%2Fwp%2Fv2%2Fcomments&post=20501"}],"version-history":[{"count":0,"href":"https:\/\/www.baltupiuprogimnazija.vilnius.lm.lt\/index.php?rest_route=\/wp\/v2\/posts\/20501\/revisions"}],"wp:attachment":[{"href":"https:\/\/www.baltupiuprogimnazija.vilnius.lm.lt\/index.php?rest_route=%2Fwp%2Fv2%2Fmedia&parent=20501"}],"wp:term":[{"taxonomy":"category","embeddable":true,"href":"https:\/\/www.baltupiuprogimnazija.vilnius.lm.lt\/index.php?rest_route=%2Fwp%2Fv2%2Fcategories&post=20501"},{"taxonomy":"post_tag","embeddable":true,"href":"https:\/\/www.baltupiuprogimnazija.vilnius.lm.lt\/index.php?rest_route=%2Fwp%2Fv2%2Ftags&post=20501"}],"curies":[{"name":"wp","href":"https:\/\/api.w.org\/{rel}","templated":true}]}}